{"id":312,"date":"2018-07-09T14:00:53","date_gmt":"2018-07-09T14:00:53","guid":{"rendered":"https:\/\/www.idealiodonto.com.br\/blog\/?p=312"},"modified":"2018-06-12T12:34:43","modified_gmt":"2018-06-12T12:34:43","slug":"carie-oculta","status":"publish","type":"post","link":"https:\/\/www.idealiodonto.com.br\/blog\/2018\/07\/09\/carie-oculta\/","title":{"rendered":"C\u00e1rie oculta"},"content":{"rendered":"<p>Visitar regularmente o dentista \u00e9 de vital import\u00e2ncia para manuten\u00e7\u00e3o de um sorriso saud\u00e1vel. O intervalo destas consultas conhecidas como \u201cprofilaxia\u201d, depende do n\u00edvel de risco \u00e0s doen\u00e7as bucais mais comuns, tais como c\u00e1rie e doen\u00e7a periodontal. Anamnese, exame f\u00edsico e radiografia s\u00e3o indispens\u00e1veis para execu\u00e7\u00e3o de uma consulta bem feita.<\/p>\n<p><img loading=\"lazy\" decoding=\"async\" class=\"alignleft size-medium wp-image-314\" src=\"https:\/\/www.idealiodonto.com.br\/blog\/wp-content\/uploads\/2018\/05\/carie-oculta00-300x267.jpg\" alt=\"\" width=\"300\" height=\"267\" srcset=\"https:\/\/www.idealiodonto.com.br\/blog\/wp-content\/uploads\/2018\/05\/carie-oculta00-300x267.jpg 300w, https:\/\/www.idealiodonto.com.br\/blog\/wp-content\/uploads\/2018\/05\/carie-oculta00.jpg 600w\" sizes=\"auto, (max-width: 300px) 100vw, 300px\" \/>A presen\u00e7a de placa e t\u00e1rtaro, causadores de gengivite e periodontite, s\u00e3o bem percept\u00edveis, no entanto a c\u00e1rie, em alguns casos pode estar escondida entre os dentes, abaixo de uma restaura\u00e7\u00e3o antiga ou sob uma mancha branca no esmalte dent\u00e1rio. Nessas situa\u00e7\u00f5es, um raio-x interproximal (<em>bite wing<\/em>) \u00e9 decisivo para estabelecer o diagn\u00f3stico\u00a0correto. Identificar essas les\u00f5es e restaur\u00e1-las o mais r\u00e1pido poss\u00edvel \u00e9 uma das maneiras mais eficazes de evitar problemas mais graves no futuro. Nunca deixe de\u00a0 consultar regularmente e realizar os raios-x solicitados pelo seu dentista.<\/p>\n<p><em>Dr. Felipe Crippa Smith<\/em><br \/>\n<em>CRO-RS 13.282<\/em><\/p>\n","protected":false},"excerpt":{"rendered":"<p>Visitar regularmente o dentista \u00e9 de vital import\u00e2ncia para manuten\u00e7\u00e3o de um sorriso saud\u00e1vel. O intervalo destas consultas conhecidas como&hellip; <a class=\"read-more\" href=\"https:\/\/www.idealiodonto.com.br\/blog\/2018\/07\/09\/carie-oculta\/\">Leia mais <span class=\"screen-reader-text\">C\u00e1rie oculta<\/span><\/a><\/p>\n","protected":false},"author":2,"featured_media":313,"comment_status":"open","ping_status":"open","sticky":false,"template":"","format":"standard","meta":{"_jetpack_newsletter_access":"","_jetpack_dont_email_post_to_subs":false,"_jetpack_newsletter_tier_id":0,"_jetpack_memberships_contains_paywalled_content":false,"_jetpack_memberships_contains_paid_content":false,"footnotes":""},"categories":[4,5],"tags":[31,58,14,22,15,8,36,6,7,32],"class_list":["post-312","post","type-post","status-publish","format-standard","has-post-thumbnail","hentry","category-artigo","category-informacao","tag-carie","tag-carie-oculta","tag-dentario","tag-dente","tag-dentes","tag-dentista","tag-higiene-bucal","tag-idealiodonto","tag-odontologia","tag-saude-bucal"],"jetpack_sharing_enabled":true,"jetpack_featured_media_url":"https:\/\/www.idealiodonto.com.br\/blog\/wp-content\/uploads\/2018\/05\/carie-oculta.jpg","_links":{"self":[{"href":"https:\/\/www.idealiodonto.com.br\/blog\/wp-json\/wp\/v2\/posts\/312","targetHints":{"allow":["GET"]}}],"collection":[{"href":"https:\/\/www.idealiodonto.com.br\/blog\/wp-json\/wp\/v2\/posts"}],"about":[{"href":"https:\/\/www.idealiodonto.com.br\/blog\/wp-json\/wp\/v2\/types\/post"}],"author":[{"embeddable":true,"href":"https:\/\/www.idealiodonto.com.br\/blog\/wp-json\/wp\/v2\/users\/2"}],"replies":[{"embeddable":true,"href":"https:\/\/www.idealiodonto.com.br\/blog\/wp-json\/wp\/v2\/comments?post=312"}],"version-history":[{"count":3,"href":"https:\/\/www.idealiodonto.com.br\/blog\/wp-json\/wp\/v2\/posts\/312\/revisions"}],"predecessor-version":[{"id":318,"href":"https:\/\/www.idealiodonto.com.br\/blog\/wp-json\/wp\/v2\/posts\/312\/revisions\/318"}],"wp:featuredmedia":[{"embeddable":true,"href":"https:\/\/www.idealiodonto.com.br\/blog\/wp-json\/wp\/v2\/media\/313"}],"wp:attachment":[{"href":"https:\/\/www.idealiodonto.com.br\/blog\/wp-json\/wp\/v2\/media?parent=312"}],"wp:term":[{"taxonomy":"category","embeddable":true,"href":"https:\/\/www.idealiodonto.com.br\/blog\/wp-json\/wp\/v2\/categories?post=312"},{"taxonomy":"post_tag","embeddable":true,"href":"https:\/\/www.idealiodonto.com.br\/blog\/wp-json\/wp\/v2\/tags?post=312"}],"curies":[{"name":"wp","href":"https:\/\/api.w.org\/{rel}","templated":true}]}}